[{"command":"settings","settings":{"pluralDelimiter":"\u0003","suppressDeprecationErrors":true,"ajaxPageState":{"libraries":"eJxLzi9K1S_ITC4pLUpNy8zJ0UmpzEvMzUyOT80rySypjM_JLC7RL87IL4_PBaoEALH_EqY","theme":"ivory","theme_token":null},"ajaxTrustedUrl":[],"user":{"uid":0,"permissionsHash":"9c975576f1b96e43d31b3ff34c1ca6b53b6096ff14d83974ef00f2d68011e8fb"}},"merge":true},{"command":"add_css","data":[{"rel":"stylesheet","media":"all","href":"\/core\/themes\/stable9\/css\/core\/components\/progress.module.css?te7139"},{"rel":"stylesheet","media":"all","href":"\/core\/themes\/stable9\/css\/core\/components\/ajax-progress.module.css?te7139"},{"rel":"stylesheet","media":"all","href":"\/themes\/contrib\/gin\/dist\/css\/components\/ajax.css?te7139"}]},{"command":"add_js","selector":"body","data":[{"src":"\/core\/assets\/vendor\/jquery\/jquery.min.js?v=4.0.0"},{"src":"\/sites\/default\/files\/js\/js_f7W2CMscSkIUf3WT-X8_03RUJuPv-vhj9_PoBqr9JB0.js?scope=footer\u0026delta=1\u0026language=en-h2\u0026theme=ivory\u0026include=eJxLqcxLzM1Mjk_NK8ksqYzPySwu0S_OyC-Pz80vSgUAtBcL_w"}]},{"command":"showMoreTeasers","id":"del--paragraph-807978","content":"\u003Ca href=\u0022\/ups-and-autonomous-systems\/sustainable-energy-supply-based-hydrogen-microgrids-south-africa-namibia\u0022  class=\u0022teaser teaser--standard\u0022 aria-label=\u0022Microgrids for South Africa, Namibia, Ukraine\u0022\u003E\n      \u003Cdiv class=\u0022teaser-content--image\u0022\u003E\n        \u003Cfigure class=\u0022image--figure\u0022\u003E\n        \u003Cpicture\u003E\n                        \u003Csource srcset=\u0022\/sites\/default\/files\/styles\/teaser_standard__m\/public\/2025-03\/abbildung-0-kopie.jpg.webp?itok=yBQ-2l4R 1x\u0022 media=\u0022(min-width: 48.0625em) and (max-width: 64em)\u0022 type=\u0022image\/webp\u0022 width=\u0022323\u0022 height=\u0022242\u0022\/\u003E\n                  \u003Csource srcset=\u0022\/sites\/default\/files\/styles\/teaser_standard__l\/public\/2025-03\/abbildung-0-kopie.jpg.webp?itok=tA4e9xvj 1x\u0022 media=\u0022(min-width: 64.0625em)\u0022 type=\u0022image\/webp\u0022 width=\u0022203\u0022 height=\u0022152\u0022\/\u003E\n                  \u003Csource srcset=\u0022\/sites\/default\/files\/styles\/teaser_standard__m\/public\/2025-03\/abbildung-0-kopie.jpg?itok=DR9VzXgJ 1x\u0022 media=\u0022(min-width: 48.0625em) and (max-width: 64em)\u0022 type=\u0022image\/jpeg\u0022 width=\u0022323\u0022 height=\u0022242\u0022\/\u003E\n                  \u003Csource srcset=\u0022\/sites\/default\/files\/styles\/teaser_standard__l\/public\/2025-03\/abbildung-0-kopie.jpg?itok=0VSRdl1x 1x\u0022 media=\u0022(min-width: 64.0625em)\u0022 type=\u0022image\/jpeg\u0022 width=\u0022203\u0022 height=\u0022152\u0022\/\u003E\n                          \u003Cimg loading=\u0022eager\u0022 data-caption-hide width=\u0022532\u0022 height=\u0022398\u0022 alt=\u0022Hydrogen Tryout Area\u0022 data-zoomed=\u0022https:\/\/www.h2-international.com\/sites\/default\/files\/styles\/content__zoomed\/public\/2025-03\/abbildung-0-kopie.jpg?itok=dxwbrnVs\u0022 src=\u0022\/sites\/default\/files\/styles\/teaser_standard__s\/public\/2025-03\/abbildung-0-kopie.jpg?itok=bpEWKash\u0022 title=\u0022\u00a9 Referenzfabrik.H2@Fraunhofer IWU\u0022 \/\u003E\n\n    \u003C\/picture\u003E\n      \u003Cfigcaption class=\u0022image--figcaption\u0022\u003E\n          \u003Cdiv class=\u0022copyright\u0022\u003EReferenzfabrik.H2@Fraunhofer IWU\u003C\/div\u003E\n          \u003C\/figcaption\u003E\n\u003C\/figure\u003E\n\n\n    \u003C\/div\u003E\n    \u003Cdiv class=\u0022teaser-content\u0022\u003E\n                    \u003Cdiv class=\u0022teaser-content--kicker\u0022\u003E\n                    Sustainable energy supply based on hydrogen\n        \u003C\/div\u003E\n                                              \n                        \n        \u003Ch4 class=\u0022teaser-content--headline\u0022\u003E\n                                Microgrids for South Africa, Namibia, \n                              \u003Cspan class=\u0022headline-last-word-arrow\u0022\u003EUkraine                      \u003C\/span\u003E\n        \u003C\/h4\u003E\n            \u003Cdiv class=\u0022teaser-content--publishing-date\u0022\u003E\u003Ctime datetime=\u00222025-03-14T11:14:23Z\u0022\u003E03\/14\/2025\u003C\/time\u003E\n\u003C\/div\u003E\u003Cspan class=\u0022teaser-content--publishing-date-divider\u0022\u003E - \u003C\/span\u003E\u003Cdiv class=\u0022teaser-content--body\u0022\u003E\u003Cp\u003EIn emerging and developing countries, but also in crisis areas, there are many opportunities to use hydrogen to overcome energy poverty and establish a reliable, CO\u003Csub\u003E2\u003C\/sub\u003E-neutral power supply. In this context, hydrogen-based microgrids have a decisive role to play. In this form, hydrogen-producing electrolyzers, cylinder racks for hydrogen storage and fuel cell systems for reconversion into electricity can be accommodated in the space of a shipping container. Together, they help to conserve renewable energy for later use.\u003C\/p\u003E\n\u003C\/div\u003E\n                        \u003Cspan class=\u0022read-more-arrow-container\u0022\u003E\n            \u003Cspan class=\u0022read-more-angled-arrow\u0022\u003E \u003C\/span\u003E\n          \u003C\/span\u003E\n                  \u003C\/div\u003E\n    \u003C\/a\u003E\n\u003Ca href=\u0022\/general\/it-can-still-take-many-years-until-profitability-next-dry-spell-hydrogen-shares\u0022  class=\u0022teaser teaser--standard\u0022 aria-label=\u0022Next dry spell for hydrogen shares?\u0022\u003E\n      \u003Cdiv class=\u0022teaser-content--image\u0022\u003E\n        \u003Cfigure class=\u0022image--figure\u0022\u003E\n        \u003Cpicture\u003E\n                        \u003Csource srcset=\u0022\/sites\/default\/files\/styles\/teaser_standard__m\/public\/2025-03\/air-liquide-sa-1.png.webp?itok=Syd6KYOg 1x\u0022 media=\u0022(min-width: 48.0625em) and (max-width: 64em)\u0022 type=\u0022image\/webp\u0022 width=\u0022311\u0022 height=\u0022242\u0022\/\u003E\n                  \u003Csource srcset=\u0022\/sites\/default\/files\/styles\/teaser_standard__l\/public\/2025-03\/air-liquide-sa-1.png.webp?itok=wxgT9FCj 1x\u0022 media=\u0022(min-width: 64.0625em)\u0022 type=\u0022image\/webp\u0022 width=\u0022195\u0022 height=\u0022152\u0022\/\u003E\n                  \u003Csource srcset=\u0022\/sites\/default\/files\/styles\/teaser_standard__m\/public\/2025-03\/air-liquide-sa-1.png?itok=S0vgQR3i 1x\u0022 media=\u0022(min-width: 48.0625em) and (max-width: 64em)\u0022 type=\u0022image\/png\u0022 width=\u0022311\u0022 height=\u0022242\u0022\/\u003E\n                  \u003Csource srcset=\u0022\/sites\/default\/files\/styles\/teaser_standard__l\/public\/2025-03\/air-liquide-sa-1.png?itok=gfCtDkbk 1x\u0022 media=\u0022(min-width: 64.0625em)\u0022 type=\u0022image\/png\u0022 width=\u0022195\u0022 height=\u0022152\u0022\/\u003E\n                          \u003Cimg loading=\u0022eager\u0022 data-caption-hide width=\u0022511\u0022 height=\u0022398\u0022 alt=\u0022Air Liquide SA\u0022 data-zoomed=\u0022https:\/\/www.h2-international.com\/sites\/default\/files\/styles\/content__zoomed\/public\/2025-03\/air-liquide-sa-1.png?itok=pbOCsdpW\u0022 src=\u0022\/sites\/default\/files\/styles\/teaser_standard__s\/public\/2025-03\/air-liquide-sa-1.png?itok=ZSMSBeUb\u0022 title=\u0022\u00a9 Linde plc\u0022 \/\u003E\n\n    \u003C\/picture\u003E\n      \u003Cfigcaption class=\u0022image--figcaption\u0022\u003E\n          \u003Cdiv class=\u0022copyright\u0022\u003ELinde plc\u003C\/div\u003E\n          \u003C\/figcaption\u003E\n\u003C\/figure\u003E\n\n\n    \u003C\/div\u003E\n    \u003Cdiv class=\u0022teaser-content\u0022\u003E\n                    \u003Cdiv class=\u0022teaser-content--kicker\u0022\u003E\n                    It can still take many years until profitability\n        \u003C\/div\u003E\n                                              \n                        \n        \u003Ch4 class=\u0022teaser-content--headline\u0022\u003E\n                                Next dry spell for hydrogen \n                              \u003Cspan class=\u0022headline-last-word-arrow\u0022\u003Eshares?                      \u003C\/span\u003E\n        \u003C\/h4\u003E\n            \u003Cdiv class=\u0022teaser-content--publishing-date\u0022\u003E\u003Ctime datetime=\u00222025-03-14T10:24:13Z\u0022\u003E03\/14\/2025\u003C\/time\u003E\n\u003C\/div\u003E\u003Cspan class=\u0022teaser-content--publishing-date-divider\u0022\u003E - \u003C\/span\u003E\u003Cdiv class=\u0022teaser-content--body\u0022\u003E\u003Cp\u003EPoliticians have big plans, and to reduce harmful greenhouse gases, they\u2019re putting billions into the expansion of production and pipeline networks for \u0022green\u0022 hydrogen. One of the ambitious targets is to increase its share of total energy consumption in the EU to over 20 percent by 2050 if possible. In Germany alone, they want to invest around 19 billion euros in the planned H\u003Csub\u003E2\u003C\/sub\u003E core network, which is to increase to over 9,000 kilometers across all German states by 2032. With these pipelines, hydrogen should then flow from the northern German ports to storage facilities or power plants. In the final expansion \u2013 around 60 percent of the network will be former natural gas pipes \u2013 the feed-in capacity is to be over 100 gigawatts, according to the German network agency (Bundesnetzagentur).\u003C\/p\u003E\n\u003C\/div\u003E\n                        \u003Cspan class=\u0022read-more-arrow-container\u0022\u003E\n            \u003Cspan class=\u0022read-more-angled-arrow\u0022\u003E \u003C\/span\u003E\n          \u003C\/span\u003E\n                  \u003C\/div\u003E\n    \u003C\/a\u003E\n\u003Ca href=\u0022\/general\/interview-bryan-glover-cto-honeywell-co2-capture-lohc-technology\u0022  class=\u0022teaser teaser--standard\u0022 aria-label=\u0022From CO2 capture to LOHC technology\u0022\u003E\n      \u003Cdiv class=\u0022teaser-content--image\u0022\u003E\n        \u003Cfigure class=\u0022image--figure\u0022\u003E\n        \u003Cpicture\u003E\n                        \u003Csource srcset=\u0022\/sites\/default\/files\/styles\/teaser_standard__m\/public\/2025-02\/bryan-glover-1k-jpeg.jpg.webp?itok=AIKZ8SOp 1x\u0022 media=\u0022(min-width: 48.0625em) and (max-width: 64em)\u0022 type=\u0022image\/webp\u0022 width=\u0022242\u0022 height=\u0022242\u0022\/\u003E\n                  \u003Csource srcset=\u0022\/sites\/default\/files\/styles\/teaser_standard__l\/public\/2025-02\/bryan-glover-1k-jpeg.jpg.webp?itok=b9uuOciF 1x\u0022 media=\u0022(min-width: 64.0625em)\u0022 type=\u0022image\/webp\u0022 width=\u0022152\u0022 height=\u0022152\u0022\/\u003E\n                  \u003Csource srcset=\u0022\/sites\/default\/files\/styles\/teaser_standard__m\/public\/2025-02\/bryan-glover-1k-jpeg.jpg?itok=MmdFvwyt 1x\u0022 media=\u0022(min-width: 48.0625em) and (max-width: 64em)\u0022 type=\u0022image\/jpeg\u0022 width=\u0022242\u0022 height=\u0022242\u0022\/\u003E\n                  \u003Csource srcset=\u0022\/sites\/default\/files\/styles\/teaser_standard__l\/public\/2025-02\/bryan-glover-1k-jpeg.jpg?itok=0owY1P2y 1x\u0022 media=\u0022(min-width: 64.0625em)\u0022 type=\u0022image\/jpeg\u0022 width=\u0022152\u0022 height=\u0022152\u0022\/\u003E\n                          \u003Cimg loading=\u0022eager\u0022 data-caption-hide width=\u0022398\u0022 height=\u0022398\u0022 alt=\u0022Bryan Glover, Chief Technology and Growth Officer at Honeywell\u0022 data-zoomed=\u0022https:\/\/www.h2-international.com\/sites\/default\/files\/styles\/content__zoomed\/public\/2025-02\/bryan-glover-1k-jpeg.jpg?itok=EHuSQ1ut\u0022 src=\u0022\/sites\/default\/files\/styles\/teaser_standard__s\/public\/2025-02\/bryan-glover-1k-jpeg.jpg?itok=PGPrMZgo\u0022 title=\u0022\u00a9 Honeywell\u0022 \/\u003E\n\n    \u003C\/picture\u003E\n      \u003Cfigcaption class=\u0022image--figcaption\u0022\u003E\n          \u003Cdiv class=\u0022copyright\u0022\u003EHoneywell\u003C\/div\u003E\n          \u003C\/figcaption\u003E\n\u003C\/figure\u003E\n\n\n    \u003C\/div\u003E\n    \u003Cdiv class=\u0022teaser-content\u0022\u003E\n                    \u003Cdiv class=\u0022teaser-content--kicker\u0022\u003E\n                    Interview with Bryan Glover, CTO of Honeywell\n        \u003C\/div\u003E\n                                              \n                        \n        \u003Ch4 class=\u0022teaser-content--headline\u0022\u003E\n                                From CO2 capture to LOHC \n                              \u003Cspan class=\u0022headline-last-word-arrow\u0022\u003Etechnology                      \u003C\/span\u003E\n        \u003C\/h4\u003E\n            \u003Cdiv class=\u0022teaser-content--publishing-date\u0022\u003E\u003Ctime datetime=\u00222025-02-17T12:07:21Z\u0022\u003E02\/17\/2025\u003C\/time\u003E\n\u003C\/div\u003E\u003Cspan class=\u0022teaser-content--publishing-date-divider\u0022\u003E - \u003C\/span\u003E\u003Cdiv class=\u0022teaser-content--body\u0022\u003E\u003Cp\u003EAfter more than 50 years of experience with hydrogen, Honeywell is also banking on green hydrogen with its company Energy and Sustainability Solutions (ESS). The US conglomerate takes the entire value chain into account: from more efficient PEM electrolysis all the way to transport infrastructure.\u003C\/p\u003E\n\u003C\/div\u003E\n                        \u003Cspan class=\u0022read-more-arrow-container\u0022\u003E\n            \u003Cspan class=\u0022read-more-angled-arrow\u0022\u003E \u003C\/span\u003E\n          \u003C\/span\u003E\n                  \u003C\/div\u003E\n    \u003C\/a\u003E\n\u003Ca href=\u0022\/politics\/interview-michelle-lujan-grisham-governor-us-state-new-mexico-cleaner-more-support\u0022  class=\u0022teaser teaser--standard\u0022 aria-label=\u0022The cleaner, the more support\u0022\u003E\n      \u003Cdiv class=\u0022teaser-content--image\u0022\u003E\n        \u003Cfigure class=\u0022image--figure\u0022\u003E\n        \u003Cpicture\u003E\n                        \u003Csource srcset=\u0022\/sites\/default\/files\/styles\/teaser_standard__m\/public\/2025-02\/processed-f767274a-gov-1-1k-jpeg.jpg.webp?itok=EBsiemOK 1x\u0022 media=\u0022(min-width: 48.0625em) and (max-width: 64em)\u0022 type=\u0022image\/webp\u0022 width=\u0022323\u0022 height=\u0022236\u0022\/\u003E\n                  \u003Csource srcset=\u0022\/sites\/default\/files\/styles\/teaser_standard__l\/public\/2025-02\/processed-f767274a-gov-1-1k-jpeg.jpg.webp?itok=MVfbOJ_I 1x\u0022 media=\u0022(min-width: 64.0625em)\u0022 type=\u0022image\/webp\u0022 width=\u0022203\u0022 height=\u0022148\u0022\/\u003E\n                  \u003Csource srcset=\u0022\/sites\/default\/files\/styles\/teaser_standard__m\/public\/2025-02\/processed-f767274a-gov-1-1k-jpeg.jpg?itok=7ZiD1KCe 1x\u0022 media=\u0022(min-width: 48.0625em) and (max-width: 64em)\u0022 type=\u0022image\/jpeg\u0022 width=\u0022323\u0022 height=\u0022236\u0022\/\u003E\n                  \u003Csource srcset=\u0022\/sites\/default\/files\/styles\/teaser_standard__l\/public\/2025-02\/processed-f767274a-gov-1-1k-jpeg.jpg?itok=KrRd33gU 1x\u0022 media=\u0022(min-width: 64.0625em)\u0022 type=\u0022image\/jpeg\u0022 width=\u0022203\u0022 height=\u0022148\u0022\/\u003E\n                          \u003Cimg loading=\u0022eager\u0022 data-caption-hide width=\u0022545\u0022 height=\u0022398\u0022 alt=\u0022Michelle Lujan Grisham\u0022 data-zoomed=\u0022https:\/\/www.h2-international.com\/sites\/default\/files\/styles\/content__zoomed\/public\/2025-02\/processed-f767274a-gov-1-1k-jpeg.jpg?itok=Maj7iKsH\u0022 src=\u0022\/sites\/default\/files\/styles\/teaser_standard__s\/public\/2025-02\/processed-f767274a-gov-1-1k-jpeg.jpg?itok=p7lCevbv\u0022 title=\u0022\u00a9 Office of Governor Grisham\u0022 \/\u003E\n\n    \u003C\/picture\u003E\n      \u003Cfigcaption class=\u0022image--figcaption\u0022\u003E\n          \u003Cdiv class=\u0022copyright\u0022\u003EOffice of Governor Grisham\u003C\/div\u003E\n          \u003C\/figcaption\u003E\n\u003C\/figure\u003E\n\n\n    \u003C\/div\u003E\n    \u003Cdiv class=\u0022teaser-content\u0022\u003E\n                    \u003Cdiv class=\u0022teaser-content--kicker\u0022\u003E\n                    Interview with Michelle Lujan Grisham, Governor of the US state of New Mexico\n        \u003C\/div\u003E\n                                              \n                        \n        \u003Ch4 class=\u0022teaser-content--headline\u0022\u003E\n                                The cleaner, the more \n                              \u003Cspan class=\u0022headline-last-word-arrow\u0022\u003Esupport                      \u003C\/span\u003E\n        \u003C\/h4\u003E\n            \u003Cdiv class=\u0022teaser-content--publishing-date\u0022\u003E\u003Ctime datetime=\u00222025-02-17T10:22:49Z\u0022\u003E02\/17\/2025\u003C\/time\u003E\n\u003C\/div\u003E\u003Cspan class=\u0022teaser-content--publishing-date-divider\u0022\u003E - \u003C\/span\u003E\u003Cdiv class=\u0022teaser-content--body\u0022\u003E\u003Cp\u003EThe US is investing a lot of money in renewable energies and also in hydrogen. With the Inflation Reduction Act (IRA), the Biden administration has released large sums of money to promote sustainable technologies. Even if at least some of this is likely to be reversed under a new Trump administration, a number of states have embarked on this path and - like New Mexico - are focusing on hydrogen. HZwei spoke to Governor Michelle Lujan Grisham about this in Rotterdam in the summer of 2024.\u003C\/p\u003E\n\u003C\/div\u003E\n                        \u003Cspan class=\u0022read-more-arrow-container\u0022\u003E\n            \u003Cspan class=\u0022read-more-angled-arrow\u0022\u003E \u003C\/span\u003E\n          \u003C\/span\u003E\n                  \u003C\/div\u003E\n    \u003C\/a\u003E\n\u003Ca href=\u0022\/general\/hydrogen-economy-needs-develop-greater-speed\u0022  class=\u0022teaser teaser--standard\u0022 aria-label=\u0022The hydrogen economy needs to develop at greater speed\u0022\u003E\n      \u003Cdiv class=\u0022teaser-content--image\u0022\u003E\n        \u003Cfigure class=\u0022image--figure\u0022\u003E\n        \u003Cpicture\u003E\n                        \u003Csource srcset=\u0022\/sites\/default\/files\/styles\/teaser_standard__m\/public\/2025-02\/marco-lazzaroni-ceo-ufi-hydrogen-1k-jpeg.jpg.webp?itok=9aDqRUfd 1x\u0022 media=\u0022(min-width: 48.0625em) and (max-width: 64em)\u0022 type=\u0022image\/webp\u0022 width=\u0022242\u0022 height=\u0022242\u0022\/\u003E\n                  \u003Csource srcset=\u0022\/sites\/default\/files\/styles\/teaser_standard__l\/public\/2025-02\/marco-lazzaroni-ceo-ufi-hydrogen-1k-jpeg.jpg.webp?itok=lYlCUOQF 1x\u0022 media=\u0022(min-width: 64.0625em)\u0022 type=\u0022image\/webp\u0022 width=\u0022152\u0022 height=\u0022152\u0022\/\u003E\n                  \u003Csource srcset=\u0022\/sites\/default\/files\/styles\/teaser_standard__m\/public\/2025-02\/marco-lazzaroni-ceo-ufi-hydrogen-1k-jpeg.jpg?itok=J_9_bDps 1x\u0022 media=\u0022(min-width: 48.0625em) and (max-width: 64em)\u0022 type=\u0022image\/jpeg\u0022 width=\u0022242\u0022 height=\u0022242\u0022\/\u003E\n                  \u003Csource srcset=\u0022\/sites\/default\/files\/styles\/teaser_standard__l\/public\/2025-02\/marco-lazzaroni-ceo-ufi-hydrogen-1k-jpeg.jpg?itok=psR9xHrU 1x\u0022 media=\u0022(min-width: 64.0625em)\u0022 type=\u0022image\/jpeg\u0022 width=\u0022152\u0022 height=\u0022152\u0022\/\u003E\n                          \u003Cimg loading=\u0022eager\u0022 data-caption-hide width=\u0022398\u0022 height=\u0022398\u0022 alt=\u0022Marco Lazzaroni\u0022 data-zoomed=\u0022https:\/\/www.h2-international.com\/sites\/default\/files\/styles\/content__zoomed\/public\/2025-02\/marco-lazzaroni-ceo-ufi-hydrogen-1k-jpeg.jpg?itok=qUxsir2B\u0022 src=\u0022\/sites\/default\/files\/styles\/teaser_standard__s\/public\/2025-02\/marco-lazzaroni-ceo-ufi-hydrogen-1k-jpeg.jpg?itok=srjAFW32\u0022 title=\u0022\u00a9 UFI Hydrogen\u0022 \/\u003E\n\n    \u003C\/picture\u003E\n      \u003Cfigcaption class=\u0022image--figcaption\u0022\u003E\n          \u003Cdiv class=\u0022copyright\u0022\u003EUFI Hydrogen\u003C\/div\u003E\n          \u003C\/figcaption\u003E\n\u003C\/figure\u003E\n\n\n    \u003C\/div\u003E\n    \u003Cdiv class=\u0022teaser-content\u0022\u003E\n                    \u003Cdiv class=\u0022teaser-content--kicker\u0022\u003E\n                    \n        \u003C\/div\u003E\n                                              \n                        \n        \u003Ch4 class=\u0022teaser-content--headline\u0022\u003E\n                                The hydrogen economy needs to develop at greater \n                              \u003Cspan class=\u0022headline-last-word-arrow\u0022\u003Espeed                      \u003C\/span\u003E\n        \u003C\/h4\u003E\n            \u003Cdiv class=\u0022teaser-content--publishing-date\u0022\u003E\u003Ctime datetime=\u00222025-02-05T09:18:37Z\u0022\u003E02\/05\/2025\u003C\/time\u003E\n\u003C\/div\u003E\u003Cspan class=\u0022teaser-content--publishing-date-divider\u0022\u003E - \u003C\/span\u003E\u003Cdiv class=\u0022teaser-content--body\u0022\u003E\u003Cp\u003EUFI Hydrogen may not yet be particularly well known to many industry participants in Germany, but the company, based in the Trento area of Italy, is part of the globally active UFI Group, which has 57 commercial offices and 22 plants worldwide (in Europe, Tunisia, China, India, Korea and Brazil, among others). Its products, mainly filters and components for thermal management, are in demand in many sectors. H2-international spoke to Marco Lazzaroni, CEO of UFI Hydrogen, the youngest company in the UFI Group, about the current economic situation in Europe, the potential of the H\u003Csub\u003E2\u003C\/sub\u003E economy and, of course, the ambitions of UFI\u2019s hydrogen business.\u003C\/p\u003E\n\u003C\/div\u003E\n                        \u003Cspan class=\u0022read-more-arrow-container\u0022\u003E\n            \u003Cspan class=\u0022read-more-angled-arrow\u0022\u003E \u003C\/span\u003E\n          \u003C\/span\u003E\n                  \u003C\/div\u003E\n    \u003C\/a\u003E\n\u003Ca href=\u0022\/h2-production\/h2mare-researches-offshore-technologies-hydrogen-production-directly-high-seas\u0022  class=\u0022teaser teaser--standard\u0022 aria-label=\u0022Hydrogen production directly on the high seas\u0022\u003E\n      \u003Cdiv class=\u0022teaser-content--image\u0022\u003E\n        \u003Cfigure class=\u0022image--figure\u0022\u003E\n        \u003Cpicture\u003E\n                        \u003Csource srcset=\u0022\/sites\/default\/files\/styles\/teaser_standard__m\/public\/2025-01\/536d082a-e75f-428a-b6c8-71bf6692583e-1k-jpeg_0.jpg.webp?itok=9pJjFCu3 1x\u0022 media=\u0022(min-width: 48.0625em) and (max-width: 64em)\u0022 type=\u0022image\/webp\u0022 width=\u0022323\u0022 height=\u0022242\u0022\/\u003E\n                  \u003Csource srcset=\u0022\/sites\/default\/files\/styles\/teaser_standard__l\/public\/2025-01\/536d082a-e75f-428a-b6c8-71bf6692583e-1k-jpeg_0.jpg.webp?itok=QMiDduiQ 1x\u0022 media=\u0022(min-width: 64.0625em)\u0022 type=\u0022image\/webp\u0022 width=\u0022203\u0022 height=\u0022152\u0022\/\u003E\n                  \u003Csource srcset=\u0022\/sites\/default\/files\/styles\/teaser_standard__m\/public\/2025-01\/536d082a-e75f-428a-b6c8-71bf6692583e-1k-jpeg_0.jpg?itok=NHdnk9HG 1x\u0022 media=\u0022(min-width: 48.0625em) and (max-width: 64em)\u0022 type=\u0022image\/jpeg\u0022 width=\u0022323\u0022 height=\u0022242\u0022\/\u003E\n                  \u003Csource srcset=\u0022\/sites\/default\/files\/styles\/teaser_standard__l\/public\/2025-01\/536d082a-e75f-428a-b6c8-71bf6692583e-1k-jpeg_0.jpg?itok=O42h7mBW 1x\u0022 media=\u0022(min-width: 64.0625em)\u0022 type=\u0022image\/jpeg\u0022 width=\u0022203\u0022 height=\u0022152\u0022\/\u003E\n                          \u003Cimg loading=\u0022eager\u0022 data-caption-hide width=\u0022531\u0022 height=\u0022398\u0022 alt=\u0022OffgridWind system (inside) in Floe, Denmark\u0022 data-zoomed=\u0022https:\/\/www.h2-international.com\/sites\/default\/files\/styles\/content__zoomed\/public\/2025-01\/536d082a-e75f-428a-b6c8-71bf6692583e-1k-jpeg_0.jpg?itok=HpGxzo8Z\u0022 src=\u0022\/sites\/default\/files\/styles\/teaser_standard__s\/public\/2025-01\/536d082a-e75f-428a-b6c8-71bf6692583e-1k-jpeg_0.jpg?itok=QgYNnjkO\u0022 title=\u0022\u00a9 Thomas Schwabe, Siemens Gamesa, Leitprojekt H2Mare\u0022 \/\u003E\n\n    \u003C\/picture\u003E\n      \u003Cfigcaption class=\u0022image--figcaption\u0022\u003E\n          \u003Cdiv class=\u0022copyright\u0022\u003EThomas Schwabe, Siemens Gamesa, Leitprojekt H2Mare\u003C\/div\u003E\n          \u003C\/figcaption\u003E\n\u003C\/figure\u003E\n\n\n    \u003C\/div\u003E\n    \u003Cdiv class=\u0022teaser-content\u0022\u003E\n                    \u003Cdiv class=\u0022teaser-content--kicker\u0022\u003E\n                    H\u003Csub\u003E2\u003C\/sub\u003EMare researches offshore technologies\n        \u003C\/div\u003E\n                                              \n                        \n        \u003Ch4 class=\u0022teaser-content--headline\u0022\u003E\n                                Hydrogen production directly on the high \n                              \u003Cspan class=\u0022headline-last-word-arrow\u0022\u003Eseas                      \u003C\/span\u003E\n        \u003C\/h4\u003E\n            \u003Cdiv class=\u0022teaser-content--publishing-date\u0022\u003E\u003Ctime datetime=\u00222025-01-31T10:11:29Z\u0022\u003E01\/31\/2025\u003C\/time\u003E\n\u003C\/div\u003E\u003Cspan class=\u0022teaser-content--publishing-date-divider\u0022\u003E - \u003C\/span\u003E\u003Cdiv class=\u0022teaser-content--body\u0022\u003E\u003Cp\u003EOffshore wind power stations generate significantly more electricity and more regularly than their onshore counterparts. In the lead project (Leitprojekt) H\u003Csub\u003E2\u003C\/sub\u003EMare, scientists are working to exploit this potential \u2013 and to produce green hydrogen and derivative products directly at sea in the future. Current progress is being made, among other things, in the coupling of wind turbines and electrolyzers.\u003C\/p\u003E\n\u003C\/div\u003E\n                        \u003Cspan class=\u0022read-more-arrow-container\u0022\u003E\n            \u003Cspan class=\u0022read-more-angled-arrow\u0022\u003E \u003C\/span\u003E\n          \u003C\/span\u003E\n                  \u003C\/div\u003E\n    \u003C\/a\u003E\n\u003Ca href=\u0022\/standardization-and-certification\/upgrading-gas-infrastructure-material-testing-guarantee-safety\u0022  class=\u0022teaser teaser--standard\u0022 aria-label=\u0022Material testing as a guarantee of safety\u0022\u003E\n      \u003Cdiv class=\u0022teaser-content--image\u0022\u003E\n        \u003Cfigure class=\u0022image--figure\u0022\u003E\n        \u003Cpicture\u003E\n                        \u003Csource srcset=\u0022\/sites\/default\/files\/styles\/teaser_standard__m\/public\/2025-01\/tuv_hessen_werkstoffprufung_h2_infrastruktur_01_300dpi-1k-jpeg.jpg.webp?itok=BJAqUY27 1x\u0022 media=\u0022(min-width: 48.0625em) and (max-width: 64em)\u0022 type=\u0022image\/webp\u0022 width=\u0022323\u0022 height=\u0022215\u0022\/\u003E\n                  \u003Csource srcset=\u0022\/sites\/default\/files\/styles\/teaser_standard__l\/public\/2025-01\/tuv_hessen_werkstoffprufung_h2_infrastruktur_01_300dpi-1k-jpeg.jpg.webp?itok=GBrpqSfk 1x\u0022 media=\u0022(min-width: 64.0625em)\u0022 type=\u0022image\/webp\u0022 width=\u0022203\u0022 height=\u0022135\u0022\/\u003E\n                  \u003Csource srcset=\u0022\/sites\/default\/files\/styles\/teaser_standard__m\/public\/2025-01\/tuv_hessen_werkstoffprufung_h2_infrastruktur_01_300dpi-1k-jpeg.jpg?itok=qMeN3ghW 1x\u0022 media=\u0022(min-width: 48.0625em) and (max-width: 64em)\u0022 type=\u0022image\/jpeg\u0022 width=\u0022323\u0022 height=\u0022215\u0022\/\u003E\n                  \u003Csource srcset=\u0022\/sites\/default\/files\/styles\/teaser_standard__l\/public\/2025-01\/tuv_hessen_werkstoffprufung_h2_infrastruktur_01_300dpi-1k-jpeg.jpg?itok=BSh_DxQK 1x\u0022 media=\u0022(min-width: 64.0625em)\u0022 type=\u0022image\/jpeg\u0022 width=\u0022203\u0022 height=\u0022135\u0022\/\u003E\n                          \u003Cimg loading=\u0022eager\u0022 data-caption-hide width=\u0022599\u0022 height=\u0022398\u0022 alt=\u0022Insight into the material testing laboratory: A part of an H2 line with sampling according to the appropriate tests\u0022 data-zoomed=\u0022https:\/\/www.h2-international.com\/sites\/default\/files\/styles\/content__zoomed\/public\/2025-01\/tuv_hessen_werkstoffprufung_h2_infrastruktur_01_300dpi-1k-jpeg.jpg?itok=YTCWZZNJ\u0022 src=\u0022\/sites\/default\/files\/styles\/teaser_standard__s\/public\/2025-01\/tuv_hessen_werkstoffprufung_h2_infrastruktur_01_300dpi-1k-jpeg.jpg?itok=CQtDwlTI\u0022 title=\u0022\u00a9 T\u00dcV Hessen\u0022 \/\u003E\n\n    \u003C\/picture\u003E\n      \u003Cfigcaption class=\u0022image--figcaption\u0022\u003E\n          \u003Cdiv class=\u0022copyright\u0022\u003ET\u00dcV Hessen\u003C\/div\u003E\n          \u003C\/figcaption\u003E\n\u003C\/figure\u003E\n\n\n    \u003C\/div\u003E\n    \u003Cdiv class=\u0022teaser-content\u0022\u003E\n                    \u003Cdiv class=\u0022teaser-content--kicker\u0022\u003E\n                    Upgrading the gas infrastructure\n        \u003C\/div\u003E\n                                              \n                        \n        \u003Ch4 class=\u0022teaser-content--headline\u0022\u003E\n                                Material testing as a guarantee of \n                              \u003Cspan class=\u0022headline-last-word-arrow\u0022\u003Esafety                      \u003C\/span\u003E\n        \u003C\/h4\u003E\n            \u003Cdiv class=\u0022teaser-content--publishing-date\u0022\u003E\u003Ctime datetime=\u00222025-01-30T12:25:23Z\u0022\u003E01\/30\/2025\u003C\/time\u003E\n\u003C\/div\u003E\u003Cspan class=\u0022teaser-content--publishing-date-divider\u0022\u003E - \u003C\/span\u003E\u003Cdiv class=\u0022teaser-content--body\u0022\u003E\u003Cp\u003EFor hydrogen to be able to be used as an important part of the energy transition comprehensively in industry, mobility and energy supply in Germany, new lines must be built and existing natural gas pipelines must also be upgraded for hydrogen transport. This can be challenging, as hydrogen is explosive and attacks the materials of the pipes. Professional material testing creates the necessary security regarding this.\u003C\/p\u003E\n\u003C\/div\u003E\n                        \u003Cspan class=\u0022read-more-arrow-container\u0022\u003E\n            \u003Cspan class=\u0022read-more-angled-arrow\u0022\u003E \u003C\/span\u003E\n          \u003C\/span\u003E\n                  \u003C\/div\u003E\n    \u003C\/a\u003E\n\u003Ca href=\u0022\/general\/hydrogen-can-come-gas-distribution-network-ready-construction-and-conversion-infrastructure\u0022  class=\u0022teaser teaser--standard\u0022 aria-label=\u0022Construction and conversion of the infrastructure for H2 distribution\u0022\u003E\n      \u003Cdiv class=\u0022teaser-content--image\u0022\u003E\n        \u003Cfigure class=\u0022image--figure\u0022\u003E\n        \u003Cpicture\u003E\n                        \u003Csource srcset=\u0022\/sites\/default\/files\/styles\/teaser_standard__m\/public\/2025-01\/bu1_avacon-gasstation-1-1k-jpeg.jpg.webp?itok=62yC1T6W 1x\u0022 media=\u0022(min-width: 48.0625em) and (max-width: 64em)\u0022 type=\u0022image\/webp\u0022 width=\u0022323\u0022 height=\u0022215\u0022\/\u003E\n                  \u003Csource srcset=\u0022\/sites\/default\/files\/styles\/teaser_standard__l\/public\/2025-01\/bu1_avacon-gasstation-1-1k-jpeg.jpg.webp?itok=-JsKAJyA 1x\u0022 media=\u0022(min-width: 64.0625em)\u0022 type=\u0022image\/webp\u0022 width=\u0022203\u0022 height=\u0022135\u0022\/\u003E\n                  \u003Csource srcset=\u0022\/sites\/default\/files\/styles\/teaser_standard__m\/public\/2025-01\/bu1_avacon-gasstation-1-1k-jpeg.jpg?itok=bp4I6q8n 1x\u0022 media=\u0022(min-width: 48.0625em) and (max-width: 64em)\u0022 type=\u0022image\/jpeg\u0022 width=\u0022323\u0022 height=\u0022215\u0022\/\u003E\n                  \u003Csource srcset=\u0022\/sites\/default\/files\/styles\/teaser_standard__l\/public\/2025-01\/bu1_avacon-gasstation-1-1k-jpeg.jpg?itok=QGcoNbQk 1x\u0022 media=\u0022(min-width: 64.0625em)\u0022 type=\u0022image\/jpeg\u0022 width=\u0022203\u0022 height=\u0022135\u0022\/\u003E\n                          \u003Cimg loading=\u0022eager\u0022 data-caption-hide width=\u0022597\u0022 height=\u0022398\u0022 alt=\u0022Avacon has successfully converted small parts of its gas network to hydrogen\u0022 data-zoomed=\u0022https:\/\/www.h2-international.com\/sites\/default\/files\/styles\/content__zoomed\/public\/2025-01\/bu1_avacon-gasstation-1-1k-jpeg.jpg?itok=_LLgoINj\u0022 src=\u0022\/sites\/default\/files\/styles\/teaser_standard__s\/public\/2025-01\/bu1_avacon-gasstation-1-1k-jpeg.jpg?itok=cZ7zYZ_h\u0022 title=\u0022\u00a9 Avacon\u0022 \/\u003E\n\n    \u003C\/picture\u003E\n      \u003Cfigcaption class=\u0022image--figcaption\u0022\u003E\n          \u003Cdiv class=\u0022copyright\u0022\u003EAvacon\u003C\/div\u003E\n          \u003C\/figcaption\u003E\n\u003C\/figure\u003E\n\n\n    \u003C\/div\u003E\n    \u003Cdiv class=\u0022teaser-content\u0022\u003E\n                    \u003Cdiv class=\u0022teaser-content--kicker\u0022\u003E\n                    \u0022Hydrogen can come, the gas distribution network is ready\u0022\n        \u003C\/div\u003E\n                                              \n                        \n        \u003Ch4 class=\u0022teaser-content--headline\u0022\u003E\n                                Construction and conversion of the infrastructure for H2 \n                              \u003Cspan class=\u0022headline-last-word-arrow\u0022\u003Edistribution                      \u003C\/span\u003E\n        \u003C\/h4\u003E\n            \u003Cdiv class=\u0022teaser-content--publishing-date\u0022\u003E\u003Ctime datetime=\u00222025-01-13T14:42:49Z\u0022\u003E01\/13\/2025\u003C\/time\u003E\n\u003C\/div\u003E\u003Cspan class=\u0022teaser-content--publishing-date-divider\u0022\u003E - \u003C\/span\u003E\u003Cdiv class=\u0022teaser-content--body\u0022\u003E\u003Cp\u003EThere is extensive demand for hydrogen in both municipalities and industry. In this environment, plans for implementing these market requirements are now becoming more concrete. The recent decision to set up an H\u003Csub\u003E2\u003C\/sub\u003E core network (see p. 18) is seen as the initial spark for this. In view of the supply situation, however, it is clear that the focus must increasingly be on the distribution network, which was also made clear at the DVGW Congress.\u003C\/p\u003E\n\u003C\/div\u003E\n                        \u003Cspan class=\u0022read-more-arrow-container\u0022\u003E\n            \u003Cspan class=\u0022read-more-angled-arrow\u0022\u003E \u003C\/span\u003E\n          \u003C\/span\u003E\n                  \u003C\/div\u003E\n    \u003C\/a\u003E\n\u003Ca href=\u0022\/general\/first-cross-border-hydrogen-educational-project-europe-hydrogen-top-managers\u0022  class=\u0022teaser teaser--standard\u0022 aria-label=\u0022First cross-border hydrogen educational project in Europe - Hydrogen for top managers.\u0022\u003E\n      \u003Cdiv class=\u0022teaser-content--image\u0022\u003E\n        \u003Cfigure class=\u0022image--figure\u0022\u003E\n        \u003Cpicture\u003E\n                        \u003Csource srcset=\u0022\/sites\/default\/files\/styles\/teaser_standard__m\/public\/2024-11\/abschlussseminar-in-oldenburg-kopie_0.jpg.webp?itok=qkn3N77T 1x\u0022 media=\u0022(min-width: 48.0625em) and (max-width: 64em)\u0022 type=\u0022image\/webp\u0022 width=\u0022323\u0022 height=\u0022242\u0022\/\u003E\n                  \u003Csource srcset=\u0022\/sites\/default\/files\/styles\/teaser_standard__l\/public\/2024-11\/abschlussseminar-in-oldenburg-kopie_0.jpg.webp?itok=3WHs5Exs 1x\u0022 media=\u0022(min-width: 64.0625em)\u0022 type=\u0022image\/webp\u0022 width=\u0022203\u0022 height=\u0022152\u0022\/\u003E\n                  \u003Csource srcset=\u0022\/sites\/default\/files\/styles\/teaser_standard__m\/public\/2024-11\/abschlussseminar-in-oldenburg-kopie_0.jpg?itok=7LU0E6fI 1x\u0022 media=\u0022(min-width: 48.0625em) and (max-width: 64em)\u0022 type=\u0022image\/jpeg\u0022 width=\u0022323\u0022 height=\u0022242\u0022\/\u003E\n                  \u003Csource srcset=\u0022\/sites\/default\/files\/styles\/teaser_standard__l\/public\/2024-11\/abschlussseminar-in-oldenburg-kopie_0.jpg?itok=NtdPp-rK 1x\u0022 media=\u0022(min-width: 64.0625em)\u0022 type=\u0022image\/jpeg\u0022 width=\u0022203\u0022 height=\u0022152\u0022\/\u003E\n                          \u003Cimg loading=\u0022eager\u0022 data-caption-hide width=\u0022531\u0022 height=\u0022398\u0022 alt=\u0022Abb. 1: Final Seminar in Oldenburg\u0022 data-zoomed=\u0022https:\/\/www.h2-international.com\/sites\/default\/files\/styles\/content__zoomed\/public\/2024-11\/abschlussseminar-in-oldenburg-kopie_0.jpg?itok=ZVRr7E7q\u0022 src=\u0022\/sites\/default\/files\/styles\/teaser_standard__s\/public\/2024-11\/abschlussseminar-in-oldenburg-kopie_0.jpg?itok=W0fLz2yv\u0022 title=\u0022\u00a9 Studium Wodoru\u0022 \/\u003E\n\n    \u003C\/picture\u003E\n      \u003Cfigcaption class=\u0022image--figcaption\u0022\u003E\n          \u003Cdiv class=\u0022copyright\u0022\u003EStudium Wodoru\u003C\/div\u003E\n          \u003C\/figcaption\u003E\n\u003C\/figure\u003E\n\n\n    \u003C\/div\u003E\n    \u003Cdiv class=\u0022teaser-content\u0022\u003E\n                    \u003Cdiv class=\u0022teaser-content--kicker\u0022\u003E\n                    \n        \u003C\/div\u003E\n                                              \n                        \n        \u003Ch4 class=\u0022teaser-content--headline\u0022\u003E\n                                First cross-border hydrogen educational project in Europe - Hydrogen for top \n                              \u003Cspan class=\u0022headline-last-word-arrow\u0022\u003Emanagers.                      \u003C\/span\u003E\n        \u003C\/h4\u003E\n            \u003Cdiv class=\u0022teaser-content--publishing-date\u0022\u003E\u003Ctime datetime=\u00222024-11-13T18:48:55Z\u0022\u003E11\/13\/2024\u003C\/time\u003E\n\u003C\/div\u003E\u003Cspan class=\u0022teaser-content--publishing-date-divider\u0022\u003E - \u003C\/span\u003E\u003Cdiv class=\u0022teaser-content--body\u0022\u003E\u003Cp\u003ETwo German universities in Oldenburg and Hanover and the Polish training company Studium Wodoru are proving that cross-border training for pioneers in the green hydrogen industry makes sense. The Polish edition of this program has just started for the second time.\u003C\/p\u003E\n\u003C\/div\u003E\n                        \u003Cspan class=\u0022read-more-arrow-container\u0022\u003E\n            \u003Cspan class=\u0022read-more-angled-arrow\u0022\u003E \u003C\/span\u003E\n          \u003C\/span\u003E\n                  \u003C\/div\u003E\n    \u003C\/a\u003E\n\u003Ca href=\u0022\/general\/dynamic-energetic-optimization-light-fc-commercial-vehicles-development-platform\u0022  class=\u0022teaser teaser--standard\u0022 aria-label=\u0022Development platform CleanEngine\u0022\u003E\n      \u003Cdiv class=\u0022teaser-content--image\u0022\u003E\n        \u003Cfigure class=\u0022image--figure\u0022\u003E\n        \u003Cpicture\u003E\n                        \u003Csource srcset=\u0022\/sites\/default\/files\/styles\/teaser_standard__m\/public\/2024-11\/abbildung_1-kopie.jpg.webp?itok=R7_g7rFn 1x\u0022 media=\u0022(min-width: 48.0625em) and (max-width: 64em)\u0022 type=\u0022image\/webp\u0022 width=\u0022323\u0022 height=\u0022184\u0022\/\u003E\n                  \u003Csource srcset=\u0022\/sites\/default\/files\/styles\/teaser_standard__l\/public\/2024-11\/abbildung_1-kopie.jpg.webp?itok=XLndJNTC 1x\u0022 media=\u0022(min-width: 64.0625em)\u0022 type=\u0022image\/webp\u0022 width=\u0022203\u0022 height=\u0022116\u0022\/\u003E\n                  \u003Csource srcset=\u0022\/sites\/default\/files\/styles\/teaser_standard__m\/public\/2024-11\/abbildung_1-kopie.jpg?itok=C7lrztCR 1x\u0022 media=\u0022(min-width: 48.0625em) and (max-width: 64em)\u0022 type=\u0022image\/jpeg\u0022 width=\u0022323\u0022 height=\u0022184\u0022\/\u003E\n                  \u003Csource srcset=\u0022\/sites\/default\/files\/styles\/teaser_standard__l\/public\/2024-11\/abbildung_1-kopie.jpg?itok=-Cm3aFz3 1x\u0022 media=\u0022(min-width: 64.0625em)\u0022 type=\u0022image\/jpeg\u0022 width=\u0022203\u0022 height=\u0022116\u0022\/\u003E\n                          \u003Cimg loading=\u0022eager\u0022 data-caption-hide width=\u0022698\u0022 height=\u0022398\u0022 alt=\u0022H2 test facility. Left: Laboratory container with control station and bottle storage; center: container for traction battery; right: battery storage\u0022 data-zoomed=\u0022https:\/\/www.h2-international.com\/sites\/default\/files\/styles\/content__zoomed\/public\/2024-11\/abbildung_1-kopie.jpg?itok=Dsh-4K3k\u0022 src=\u0022\/sites\/default\/files\/styles\/teaser_standard__s\/public\/2024-11\/abbildung_1-kopie.jpg?itok=CFCzJOp6\u0022 title=\u0022\u00a9 Hochschule Kempten\u0022 \/\u003E\n\n    \u003C\/picture\u003E\n      \u003Cfigcaption class=\u0022image--figcaption\u0022\u003E\n          \u003Cdiv class=\u0022copyright\u0022\u003EHochschule Kempten\u003C\/div\u003E\n          \u003C\/figcaption\u003E\n\u003C\/figure\u003E\n\n\n    \u003C\/div\u003E\n    \u003Cdiv class=\u0022teaser-content\u0022\u003E\n                    \u003Cdiv class=\u0022teaser-content--kicker\u0022\u003E\n                    Dynamic-energetic optimization of light FC commercial vehicles\n        \u003C\/div\u003E\n                                              \n                        \n        \u003Ch4 class=\u0022teaser-content--headline\u0022\u003E\n                                Development platform \n                              \u003Cspan class=\u0022headline-last-word-arrow\u0022\u003ECleanEngine                      \u003C\/span\u003E\n        \u003C\/h4\u003E\n            \u003Cdiv class=\u0022teaser-content--publishing-date\u0022\u003E\u003Ctime datetime=\u00222024-11-07T07:40:41Z\u0022\u003E11\/07\/2024\u003C\/time\u003E\n\u003C\/div\u003E\u003Cspan class=\u0022teaser-content--publishing-date-divider\u0022\u003E - \u003C\/span\u003E\u003Cdiv class=\u0022teaser-content--body\u0022\u003E\u003Cp\u003EThe challenge in designing a fuel cell electric drive lies in the vehicle- and vehicle application-specific dimensioning of the drivetrain components. The essential parameters to be considered for an optimization are the fuel cell output, the dynamics of the fuel cell, the mass of hydrogen in the tank, the capacity and maximum charging power of the HV battery, the output of the drive machine in motor and generator mode and also the dynamic behavior of the converters.\u003C\/p\u003E\n\u003C\/div\u003E\n                        \u003Cspan class=\u0022read-more-arrow-container\u0022\u003E\n            \u003Cspan class=\u0022read-more-angled-arrow\u0022\u003E \u003C\/span\u003E\n          \u003C\/span\u003E\n                  \u003C\/div\u003E\n    \u003C\/a\u003E\n\u003Ca href=\u0022\/filling-stations\/more-providers-and-larger-locations-revival-h2-refueling-station-market\u0022  class=\u0022teaser teaser--standard\u0022 aria-label=\u0022Revival in the H2 refueling station market\u0022\u003E\n      \u003Cdiv class=\u0022teaser-content--image\u0022\u003E\n        \u003Cfigure class=\u0022image--figure\u0022\u003E\n        \u003Cpicture\u003E\n                        \u003Csource srcset=\u0022\/sites\/default\/files\/styles\/teaser_standard__m\/public\/2024-10\/fortschritttanken-a24_002_h2-kopie.jpg.webp?itok=YwVbK2nX 1x\u0022 media=\u0022(min-width: 48.0625em) and (max-width: 64em)\u0022 type=\u0022image\/webp\u0022 width=\u0022323\u0022 height=\u0022215\u0022\/\u003E\n                  \u003Csource srcset=\u0022\/sites\/default\/files\/styles\/teaser_standard__l\/public\/2024-10\/fortschritttanken-a24_002_h2-kopie.jpg.webp?itok=cmdB7ykx 1x\u0022 media=\u0022(min-width: 64.0625em)\u0022 type=\u0022image\/webp\u0022 width=\u0022203\u0022 height=\u0022135\u0022\/\u003E\n                  \u003Csource srcset=\u0022\/sites\/default\/files\/styles\/teaser_standard__m\/public\/2024-10\/fortschritttanken-a24_002_h2-kopie.jpg?itok=3a9dhljb 1x\u0022 media=\u0022(min-width: 48.0625em) and (max-width: 64em)\u0022 type=\u0022image\/jpeg\u0022 width=\u0022323\u0022 height=\u0022215\u0022\/\u003E\n                  \u003Csource srcset=\u0022\/sites\/default\/files\/styles\/teaser_standard__l\/public\/2024-10\/fortschritttanken-a24_002_h2-kopie.jpg?itok=TGH8l5kp 1x\u0022 media=\u0022(min-width: 64.0625em)\u0022 type=\u0022image\/jpeg\u0022 width=\u0022203\u0022 height=\u0022135\u0022\/\u003E\n                          \u003Cimg loading=\u0022eager\u0022 data-caption-hide width=\u0022598\u0022 height=\u0022398\u0022 alt=\u0022Construction site in Frankenthal \u2013 P. Kr\u00f6ger and M. J\u00fcngel, H2 Mobility; T. Hezel, BASF; N. Meyer, Oberb\u00fcrgermeister Frankenthal; D. Fanelsa, BASF; S. R\u00f6\u00dfler, Metropolregion Rhein-Neckar (from left to right)\u0022 data-zoomed=\u0022https:\/\/www.h2-international.com\/sites\/default\/files\/styles\/content__zoomed\/public\/2024-10\/fortschritttanken-a24_002_h2-kopie.jpg?itok=yv8WPPs2\u0022 src=\u0022\/sites\/default\/files\/styles\/teaser_standard__s\/public\/2024-10\/fortschritttanken-a24_002_h2-kopie.jpg?itok=Ym7qddXw\u0022 title=\u0022\u00a9 BASF\u0022 \/\u003E\n\n    \u003C\/picture\u003E\n      \u003Cfigcaption class=\u0022image--figcaption\u0022\u003E\n          \u003Cdiv class=\u0022copyright\u0022\u003EBASF\u003C\/div\u003E\n          \u003C\/figcaption\u003E\n\u003C\/figure\u003E\n\n\n    \u003C\/div\u003E\n    \u003Cdiv class=\u0022teaser-content\u0022\u003E\n                    \u003Cdiv class=\u0022teaser-content--kicker\u0022\u003E\n                    More providers and larger locations\n        \u003C\/div\u003E\n                                              \n                        \n        \u003Ch4 class=\u0022teaser-content--headline\u0022\u003E\n                                Revival in the H2 refueling station \n                              \u003Cspan class=\u0022headline-last-word-arrow\u0022\u003Emarket                      \u003C\/span\u003E\n        \u003C\/h4\u003E\n            \u003Cdiv class=\u0022teaser-content--publishing-date\u0022\u003E\u003Ctime datetime=\u00222024-10-06T19:11:12Z\u0022\u003E10\/06\/2024\u003C\/time\u003E\n\u003C\/div\u003E\u003Cspan class=\u0022teaser-content--publishing-date-divider\u0022\u003E - \u003C\/span\u003E\u003Cdiv class=\u0022teaser-content--body\u0022\u003E\u003Cp\u003EFor some months now, more and more companies have been entering the market for H2 refueling stations. Although their total number still have not substantially increased, increasingly more well-established as well as numerous new providers are announcing their intentions of opening additional locations for the supply of hydrogen.\u003C\/p\u003E\n\u003C\/div\u003E\n                        \u003Cspan class=\u0022read-more-arrow-container\u0022\u003E\n            \u003Cspan class=\u0022read-more-angled-arrow\u0022\u003E \u003C\/span\u003E\n          \u003C\/span\u003E\n                  \u003C\/div\u003E\n    \u003C\/a\u003E\n\u003Ca href=\u0022\/general\/auditors-consider-targets-be-unclear-and-unrealistic-eca-h2-strategy-needs-reality-check\u0022  class=\u0022teaser teaser--standard\u0022 aria-label=\u0022ECA: H2 strategy needs \u201creality check\u201d\u0022\u003E\n      \u003Cdiv class=\u0022teaser-content--image\u0022\u003E\n        \u003Cfigure class=\u0022image--figure\u0022\u003E\n        \u003Cpicture\u003E\n                        \u003Csource srcset=\u0022\/sites\/default\/files\/styles\/teaser_standard__m\/public\/2024-09\/rechnungshof-gebaeude-kopie_0.jpg.webp?itok=83ZYB-iJ 1x\u0022 media=\u0022(min-width: 48.0625em) and (max-width: 64em)\u0022 type=\u0022image\/webp\u0022 width=\u0022323\u0022 height=\u0022216\u0022\/\u003E\n                  \u003Csource srcset=\u0022\/sites\/default\/files\/styles\/teaser_standard__l\/public\/2024-09\/rechnungshof-gebaeude-kopie_0.jpg.webp?itok=TKrIkYkH 1x\u0022 media=\u0022(min-width: 64.0625em)\u0022 type=\u0022image\/webp\u0022 width=\u0022203\u0022 height=\u0022136\u0022\/\u003E\n                  \u003Csource srcset=\u0022\/sites\/default\/files\/styles\/teaser_standard__m\/public\/2024-09\/rechnungshof-gebaeude-kopie_0.jpg?itok=OSgHGH8y 1x\u0022 media=\u0022(min-width: 48.0625em) and (max-width: 64em)\u0022 type=\u0022image\/jpeg\u0022 width=\u0022323\u0022 height=\u0022216\u0022\/\u003E\n                  \u003Csource srcset=\u0022\/sites\/default\/files\/styles\/teaser_standard__l\/public\/2024-09\/rechnungshof-gebaeude-kopie_0.jpg?itok=YtGXXAdZ 1x\u0022 media=\u0022(min-width: 64.0625em)\u0022 type=\u0022image\/jpeg\u0022 width=\u0022203\u0022 height=\u0022136\u0022\/\u003E\n                          \u003Cimg loading=\u0022eager\u0022 data-caption-hide width=\u0022596\u0022 height=\u0022398\u0022 alt=\u0022ECA building\u0022 data-zoomed=\u0022https:\/\/www.h2-international.com\/sites\/default\/files\/styles\/content__zoomed\/public\/2024-09\/rechnungshof-gebaeude-kopie_0.jpg?itok=nis3V0Cj\u0022 src=\u0022\/sites\/default\/files\/styles\/teaser_standard__s\/public\/2024-09\/rechnungshof-gebaeude-kopie_0.jpg?itok=nb5XPq0C\u0022 title=\u0022\u00a9 ECA \/ Sophie Margue\u0022 \/\u003E\n\n    \u003C\/picture\u003E\n      \u003Cfigcaption class=\u0022image--figcaption\u0022\u003E\n          \u003Cdiv class=\u0022copyright\u0022\u003EECA \/ Sophie Margue\u003C\/div\u003E\n          \u003C\/figcaption\u003E\n\u003C\/figure\u003E\n\n\n    \u003C\/div\u003E\n    \u003Cdiv class=\u0022teaser-content\u0022\u003E\n                    \u003Cdiv class=\u0022teaser-content--kicker\u0022\u003E\n                    Auditors consider targets to be unclear and unrealistic\n        \u003C\/div\u003E\n                                              \n                        \n        \u003Ch4 class=\u0022teaser-content--headline\u0022\u003E\n                                ECA: H2 strategy needs \u201creality \n                              \u003Cspan class=\u0022headline-last-word-arrow\u0022\u003Echeck\u201d                      \u003C\/span\u003E\n        \u003C\/h4\u003E\n            \u003Cdiv class=\u0022teaser-content--publishing-date\u0022\u003E\u003Ctime datetime=\u00222024-09-12T18:49:02Z\u0022\u003E09\/12\/2024\u003C\/time\u003E\n\u003C\/div\u003E\u003Cspan class=\u0022teaser-content--publishing-date-divider\u0022\u003E - \u003C\/span\u003E\u003Cdiv class=\u0022teaser-content--body\u0022\u003E\u003Cp\u003EThe EU has set itself overly ambitious targets in its hydrogen strategy for 2030. This was the conclusion made by the auditors of the ECA in a special report published July 2024. They are now calling for an adaption of the strategy and better controlling.\u003C\/p\u003E\n\u003C\/div\u003E\n                        \u003Cspan class=\u0022read-more-arrow-container\u0022\u003E\n            \u003Cspan class=\u0022read-more-angled-arrow\u0022\u003E \u003C\/span\u003E\n          \u003C\/span\u003E\n                  \u003C\/div\u003E\n    \u003C\/a\u003E\n\u003Ca href=\u0022\/general\/liquid-bearer-hope-lohc-could-simplify-h2-imports\u0022  class=\u0022teaser teaser--standard\u0022 aria-label=\u0022LOHC could simplify H2 imports\u0022\u003E\n      \u003Cdiv class=\u0022teaser-content--image\u0022\u003E\n        \u003Cfigure class=\u0022image--figure\u0022\u003E\n        \u003Cpicture\u003E\n                        \u003Csource srcset=\u0022\/sites\/default\/files\/styles\/teaser_standard__m\/public\/2024-09\/foto-hydrogenious-lohc-loreley-analge-kopie.jpg.webp?itok=pElItSEv 1x\u0022 media=\u0022(min-width: 48.0625em) and (max-width: 64em)\u0022 type=\u0022image\/webp\u0022 width=\u0022180\u0022 height=\u0022242\u0022\/\u003E\n                  \u003Csource srcset=\u0022\/sites\/default\/files\/styles\/teaser_standard__l\/public\/2024-09\/foto-hydrogenious-lohc-loreley-analge-kopie.jpg.webp?itok=KBUXjT2y 1x\u0022 media=\u0022(min-width: 64.0625em)\u0022 type=\u0022image\/webp\u0022 width=\u0022113\u0022 height=\u0022152\u0022\/\u003E\n                  \u003Csource srcset=\u0022\/sites\/default\/files\/styles\/teaser_standard__m\/public\/2024-09\/foto-hydrogenious-lohc-loreley-analge-kopie.jpg?itok=pnZKWboi 1x\u0022 media=\u0022(min-width: 48.0625em) and (max-width: 64em)\u0022 type=\u0022image\/jpeg\u0022 width=\u0022180\u0022 height=\u0022242\u0022\/\u003E\n                  \u003Csource srcset=\u0022\/sites\/default\/files\/styles\/teaser_standard__l\/public\/2024-09\/foto-hydrogenious-lohc-loreley-analge-kopie.jpg?itok=Y8zf1_7g 1x\u0022 media=\u0022(min-width: 64.0625em)\u0022 type=\u0022image\/jpeg\u0022 width=\u0022113\u0022 height=\u0022152\u0022\/\u003E\n                          \u003Cimg loading=\u0022eager\u0022 data-caption-hide width=\u0022296\u0022 height=\u0022398\u0022 alt=\u0022It could look like this: an LOHC storage facility in a port area\u0022 data-zoomed=\u0022https:\/\/www.h2-international.com\/sites\/default\/files\/styles\/content__zoomed\/public\/2024-09\/foto-hydrogenious-lohc-loreley-analge-kopie.jpg?itok=ynWEJsag\u0022 src=\u0022\/sites\/default\/files\/styles\/teaser_standard__s\/public\/2024-09\/foto-hydrogenious-lohc-loreley-analge-kopie.jpg?itok=vu4ezBx2\u0022 title=\u0022\u00a9 Hydrogenious LOHC\u0022 \/\u003E\n\n    \u003C\/picture\u003E\n      \u003Cfigcaption class=\u0022image--figcaption\u0022\u003E\n          \u003Cdiv class=\u0022copyright\u0022\u003EHydrogenious LOHC\u003C\/div\u003E\n          \u003C\/figcaption\u003E\n\u003C\/figure\u003E\n\n\n    \u003C\/div\u003E\n    \u003Cdiv class=\u0022teaser-content\u0022\u003E\n                    \u003Cdiv class=\u0022teaser-content--kicker\u0022\u003E\n                    Liquid bearer of hope\n        \u003C\/div\u003E\n                                              \n                        \n        \u003Ch4 class=\u0022teaser-content--headline\u0022\u003E\n                                LOHC could simplify H2 \n                              \u003Cspan class=\u0022headline-last-word-arrow\u0022\u003Eimports                      \u003C\/span\u003E\n        \u003C\/h4\u003E\n            \u003Cdiv class=\u0022teaser-content--publishing-date\u0022\u003E\u003Ctime datetime=\u00222024-09-12T08:19:59Z\u0022\u003E09\/12\/2024\u003C\/time\u003E\n\u003C\/div\u003E\u003Cspan class=\u0022teaser-content--publishing-date-divider\u0022\u003E - \u003C\/span\u003E\u003Cdiv class=\u0022teaser-content--body\u0022\u003E\u003Cp\u003EMany of the technologies for H\u003Csub\u003E2\u003C\/sub\u003E transport are not yet fully developed. Researchers and industry are working to develop safe H\u003Csub\u003E2\u003C\/sub\u003E distribution over long distances, also because Germany will be dependent on H\u003Csub\u003E2\u003C\/sub\u003E imports on a large scale. In addition to ammonia, liquid organic hydrogen carriers (LOHC) have a good chance of being employed in projects and industry. Because they could use the conventional infrastructure of oil tanks and tankers.\u003C\/p\u003E\n\u003C\/div\u003E\n                        \u003Cspan class=\u0022read-more-arrow-container\u0022\u003E\n            \u003Cspan class=\u0022read-more-angled-arrow\u0022\u003E \u003C\/span\u003E\n          \u003C\/span\u003E\n                  \u003C\/div\u003E\n    \u003C\/a\u003E\n\u003Ca href=\u0022\/general\/h2-generation-floating-offshore-wind-power-plants-green-hydrogen-high-seas\u0022  class=\u0022teaser teaser--standard\u0022 aria-label=\u0022Green hydrogen on the high seas\u0022\u003E\n      \u003Cdiv class=\u0022teaser-content--image\u0022\u003E\n        \u003Cfigure class=\u0022image--figure\u0022\u003E\n        \u003Cpicture\u003E\n                        \u003Csource srcset=\u0022\/sites\/default\/files\/styles\/teaser_standard__m\/public\/2024-09\/h2-offshore-generator1-kopie.jpg.webp?itok=642vCnSD 1x\u0022 media=\u0022(min-width: 48.0625em) and (max-width: 64em)\u0022 type=\u0022image\/webp\u0022 width=\u0022289\u0022 height=\u0022242\u0022\/\u003E\n                  \u003Csource srcset=\u0022\/sites\/default\/files\/styles\/teaser_standard__l\/public\/2024-09\/h2-offshore-generator1-kopie.jpg.webp?itok=HfY9z-sB 1x\u0022 media=\u0022(min-width: 64.0625em)\u0022 type=\u0022image\/webp\u0022 width=\u0022182\u0022 height=\u0022152\u0022\/\u003E\n                  \u003Csource srcset=\u0022\/sites\/default\/files\/styles\/teaser_standard__m\/public\/2024-09\/h2-offshore-generator1-kopie.jpg?itok=X6eIa8x4 1x\u0022 media=\u0022(min-width: 48.0625em) and (max-width: 64em)\u0022 type=\u0022image\/jpeg\u0022 width=\u0022289\u0022 height=\u0022242\u0022\/\u003E\n                  \u003Csource srcset=\u0022\/sites\/default\/files\/styles\/teaser_standard__l\/public\/2024-09\/h2-offshore-generator1-kopie.jpg?itok=U-B_ghrt 1x\u0022 media=\u0022(min-width: 64.0625em)\u0022 type=\u0022image\/jpeg\u0022 width=\u0022182\u0022 height=\u0022152\u0022\/\u003E\n                          \u003Cimg loading=\u0022eager\u0022 data-caption-hide width=\u0022476\u0022 height=\u0022398\u0022 alt=\u0022This is what hydrogen production on the high seas could look like\u0022 data-zoomed=\u0022https:\/\/www.h2-international.com\/sites\/default\/files\/styles\/content__zoomed\/public\/2024-09\/h2-offshore-generator1-kopie.jpg?itok=Xi8kis-0\u0022 src=\u0022\/sites\/default\/files\/styles\/teaser_standard__s\/public\/2024-09\/h2-offshore-generator1-kopie.jpg?itok=D0BtZ7R0\u0022 title=\u0022\u00a9 Jens Cruse\u0022 \/\u003E\n\n    \u003C\/picture\u003E\n      \u003Cfigcaption class=\u0022image--figcaption\u0022\u003E\n          \u003Cdiv class=\u0022copyright\u0022\u003EJens Cruse\u003C\/div\u003E\n          \u003C\/figcaption\u003E\n\u003C\/figure\u003E\n\n\n    \u003C\/div\u003E\n    \u003Cdiv class=\u0022teaser-content\u0022\u003E\n                    \u003Cdiv class=\u0022teaser-content--kicker\u0022\u003E\n                    H\u003Csub\u003E2\u003C\/sub\u003E generation on floating offshore wind power plants\n        \u003C\/div\u003E\n                                              \n                        \n        \u003Ch4 class=\u0022teaser-content--headline\u0022\u003E\n                                Green hydrogen on the high \n                              \u003Cspan class=\u0022headline-last-word-arrow\u0022\u003Eseas                      \u003C\/span\u003E\n        \u003C\/h4\u003E\n            \u003Cdiv class=\u0022teaser-content--publishing-date\u0022\u003E\u003Ctime datetime=\u00222024-09-10T12:56:26Z\u0022\u003E09\/10\/2024\u003C\/time\u003E\n\u003C\/div\u003E\u003Cspan class=\u0022teaser-content--publishing-date-divider\u0022\u003E - \u003C\/span\u003E\u003Cdiv class=\u0022teaser-content--body\u0022\u003E\u003Cp\u003EHow to ramp up the production of green hydrogen in just a few years and distribute it quickly across the country independently of the development of the H\u003Csub\u003E2\u003C\/sub\u003E core network explained Jens Cruse, shipbuilding engineer, at the end of January this year before an expert audience in Hamburg.\u003C\/p\u003E\n\u003C\/div\u003E\n                        \u003Cspan class=\u0022read-more-arrow-container\u0022\u003E\n            \u003Cspan class=\u0022read-more-angled-arrow\u0022\u003E \u003C\/span\u003E\n          \u003C\/span\u003E\n                  \u003C\/div\u003E\n    \u003C\/a\u003E\n\u003Ca href=\u0022\/general\/europes-largest-port-wants-become-sustainable-port-rotterdam-turning-green-and-blue\u0022  class=\u0022teaser teaser--standard\u0022 aria-label=\u0022Port of Rotterdam turning green and blue\u0022\u003E\n      \u003Cdiv class=\u0022teaser-content--image\u0022\u003E\n              \u003Cpicture\u003E\n                        \u003Csource srcset=\u0022\/sites\/default\/files\/styles\/teaser_standard__m\/public\/2024-07\/dsc_0148-kopie_0.jpg.webp?itok=-kKpBVJw 1x\u0022 media=\u0022(min-width: 48.0625em) and (max-width: 64em)\u0022 type=\u0022image\/webp\u0022 width=\u0022323\u0022 height=\u0022215\u0022\/\u003E\n                  \u003Csource srcset=\u0022\/sites\/default\/files\/styles\/teaser_standard__l\/public\/2024-07\/dsc_0148-kopie_0.jpg.webp?itok=QJgfmTec 1x\u0022 media=\u0022(min-width: 64.0625em)\u0022 type=\u0022image\/webp\u0022 width=\u0022203\u0022 height=\u0022135\u0022\/\u003E\n                  \u003Csource srcset=\u0022\/sites\/default\/files\/styles\/teaser_standard__m\/public\/2024-07\/dsc_0148-kopie_0.jpg?itok=ygCXvBLO 1x\u0022 media=\u0022(min-width: 48.0625em) and (max-width: 64em)\u0022 type=\u0022image\/jpeg\u0022 width=\u0022323\u0022 height=\u0022215\u0022\/\u003E\n                  \u003Csource srcset=\u0022\/sites\/default\/files\/styles\/teaser_standard__l\/public\/2024-07\/dsc_0148-kopie_0.jpg?itok=cX8ucv_d 1x\u0022 media=\u0022(min-width: 64.0625em)\u0022 type=\u0022image\/jpeg\u0022 width=\u0022203\u0022 height=\u0022135\u0022\/\u003E\n                          \u003Cimg loading=\u0022eager\u0022 data-caption-hide width=\u0022597\u0022 height=\u0022398\u0022 alt=\u0022Holland Hydrogen 1 to be completed by 2030\u0022 data-zoomed=\u0022https:\/\/www.h2-international.com\/sites\/default\/files\/styles\/content__zoomed\/public\/2024-07\/dsc_0148-kopie_0.jpg?itok=8HTfhK4G\u0022 src=\u0022\/sites\/default\/files\/styles\/teaser_standard__s\/public\/2024-07\/dsc_0148-kopie_0.jpg?itok=cgKI-a-I\u0022 \/\u003E\n\n    \u003C\/picture\u003E\n    \n\n    \u003C\/div\u003E\n    \u003Cdiv class=\u0022teaser-content\u0022\u003E\n                    \u003Cdiv class=\u0022teaser-content--kicker\u0022\u003E\n                    Europe\u2019s largest port wants to become sustainable\n        \u003C\/div\u003E\n                                              \n                        \n        \u003Ch4 class=\u0022teaser-content--headline\u0022\u003E\n                                Port of Rotterdam turning green and \n                              \u003Cspan class=\u0022headline-last-word-arrow\u0022\u003Eblue                      \u003C\/span\u003E\n        \u003C\/h4\u003E\n            \u003Cdiv class=\u0022teaser-content--publishing-date\u0022\u003E\u003Ctime datetime=\u00222024-07-22T18:19:19Z\u0022\u003E07\/22\/2024\u003C\/time\u003E\n\u003C\/div\u003E\u003Cspan class=\u0022teaser-content--publishing-date-divider\u0022\u003E - \u003C\/span\u003E\u003Cdiv class=\u0022teaser-content--body\u0022\u003E\u003Cp\u003E\u201cHow quickly can we implement the energy transition?\u201d This question has been posed for some time by the Port of Rotterdam, the largest European sea freight transshipment point. In the past \u2013 and still today \u2013 the huge industrial area was shaped by the oil and gas industry. Among other things, four large refineries are located there, which now need to be decarbonized. Boudewijn Siemons, CEO and COO of the Port of Rotterdam Authority, stated, \u201cIf it can be done electrically, it should be \u2013 with hydrogen otherwise.\u201d\u003C\/p\u003E\n\u003C\/div\u003E\n                        \u003Cspan class=\u0022read-more-arrow-container\u0022\u003E\n            \u003Cspan class=\u0022read-more-angled-arrow\u0022\u003E \u003C\/span\u003E\n          \u003C\/span\u003E\n                  \u003C\/div\u003E\n    \u003C\/a\u003E\n\u003Ca href=\u0022\/general\/impressive-size-and-professionalism-rotterdam-establishes-itself-h2-hub\u0022  class=\u0022teaser teaser--standard\u0022 aria-label=\u0022Rotterdam establishes itself as an H2 hub\u0022\u003E\n      \u003Cdiv class=\u0022teaser-content--image\u0022\u003E\n              \u003Cpicture\u003E\n                        \u003Csource srcset=\u0022\/sites\/default\/files\/styles\/teaser_standard__m\/public\/2024-07\/summit-dsc_0010-kopie_0.jpg.webp?itok=iqY74R4X 1x\u0022 media=\u0022(min-width: 48.0625em) and (max-width: 64em)\u0022 type=\u0022image\/webp\u0022 width=\u0022323\u0022 height=\u0022184\u0022\/\u003E\n                  \u003Csource srcset=\u0022\/sites\/default\/files\/styles\/teaser_standard__l\/public\/2024-07\/summit-dsc_0010-kopie_0.jpg.webp?itok=eB75jZ94 1x\u0022 media=\u0022(min-width: 64.0625em)\u0022 type=\u0022image\/webp\u0022 width=\u0022203\u0022 height=\u0022115\u0022\/\u003E\n                  \u003Csource srcset=\u0022\/sites\/default\/files\/styles\/teaser_standard__m\/public\/2024-07\/summit-dsc_0010-kopie_0.jpg?itok=gFt0ncjb 1x\u0022 media=\u0022(min-width: 48.0625em) and (max-width: 64em)\u0022 type=\u0022image\/jpeg\u0022 width=\u0022323\u0022 height=\u0022184\u0022\/\u003E\n                  \u003Csource srcset=\u0022\/sites\/default\/files\/styles\/teaser_standard__l\/public\/2024-07\/summit-dsc_0010-kopie_0.jpg?itok=woN1EgAt 1x\u0022 media=\u0022(min-width: 64.0625em)\u0022 type=\u0022image\/jpeg\u0022 width=\u0022203\u0022 height=\u0022115\u0022\/\u003E\n                          \u003Cimg loading=\u0022eager\u0022 data-caption-hide width=\u0022700\u0022 height=\u0022398\u0022 alt=\u0022Large forum at the summit and \u2026\u0022 data-zoomed=\u0022https:\/\/www.h2-international.com\/sites\/default\/files\/styles\/content__zoomed\/public\/2024-07\/summit-dsc_0010-kopie_0.jpg?itok=JWgj1bZB\u0022 src=\u0022\/sites\/default\/files\/styles\/teaser_standard__s\/public\/2024-07\/summit-dsc_0010-kopie_0.jpg?itok=eCO3udNv\u0022 \/\u003E\n\n    \u003C\/picture\u003E\n    \n\n    \u003C\/div\u003E\n    \u003Cdiv class=\u0022teaser-content\u0022\u003E\n                    \u003Cdiv class=\u0022teaser-content--kicker\u0022\u003E\n                    Impressive size and professionalism\n        \u003C\/div\u003E\n                                              \n                        \n        \u003Ch4 class=\u0022teaser-content--headline\u0022\u003E\n                                Rotterdam establishes itself as an H2 \n                              \u003Cspan class=\u0022headline-last-word-arrow\u0022\u003Ehub                      \u003C\/span\u003E\n        \u003C\/h4\u003E\n            \u003Cdiv class=\u0022teaser-content--publishing-date\u0022\u003E\u003Ctime datetime=\u00222024-07-22T18:04:03Z\u0022\u003E07\/22\/2024\u003C\/time\u003E\n\u003C\/div\u003E\u003Cspan class=\u0022teaser-content--publishing-date-divider\u0022\u003E - \u003C\/span\u003E\u003Cdiv class=\u0022teaser-content--body\u0022\u003E\u003Cp\u003EA completely different league to Hannover Messe or Hy-Fcell in Stuttgart: The World Hydrogen Summit \u0026amp; Exhibition in Rotterdam showed from May 13 to 15, 2024 where the H\u003Csub\u003E2\u003C\/sub\u003E event sector can go. Similarly to the Hydrogen Technology Conference \u0026amp; Expo in Bremen, the organizers staged a large, professional industry gathering, which most participants were impressed by, if not enthusiastic about, which makes you wonder why the fair only lasted two days.\u003C\/p\u003E\n\u003C\/div\u003E\n                        \u003Cspan class=\u0022read-more-arrow-container\u0022\u003E\n            \u003Cspan class=\u0022read-more-angled-arrow\u0022\u003E \u003C\/span\u003E\n          \u003C\/span\u003E\n                  \u003C\/div\u003E\n    \u003C\/a\u003E\n\u003Ca href=\u0022\/h2-production\/switzerlands-largest-h2-plant\u0022  class=\u0022teaser teaser--standard\u0022 aria-label=\u0022Switzerland\u2019s largest H2 plant\u0022\u003E\n      \u003Cdiv class=\u0022teaser-content--image\u0022\u003E\n        \u003Cfigure class=\u0022image--figure\u0022\u003E\n        \u003Cpicture\u003E\n                        \u003Csource srcset=\u0022\/sites\/default\/files\/styles\/teaser_standard__m\/public\/2024-07\/foto-axpo-kopie.jpg.webp?itok=3KgA4DX2 1x\u0022 media=\u0022(min-width: 48.0625em) and (max-width: 64em)\u0022 type=\u0022image\/webp\u0022 width=\u0022323\u0022 height=\u0022182\u0022\/\u003E\n                  \u003Csource srcset=\u0022\/sites\/default\/files\/styles\/teaser_standard__l\/public\/2024-07\/foto-axpo-kopie.jpg.webp?itok=mN2GlrCB 1x\u0022 media=\u0022(min-width: 64.0625em)\u0022 type=\u0022image\/webp\u0022 width=\u0022203\u0022 height=\u0022114\u0022\/\u003E\n                  \u003Csource srcset=\u0022\/sites\/default\/files\/styles\/teaser_standard__m\/public\/2024-07\/foto-axpo-kopie.jpg?itok=crHI-mKl 1x\u0022 media=\u0022(min-width: 48.0625em) and (max-width: 64em)\u0022 type=\u0022image\/jpeg\u0022 width=\u0022323\u0022 height=\u0022182\u0022\/\u003E\n                  \u003Csource srcset=\u0022\/sites\/default\/files\/styles\/teaser_standard__l\/public\/2024-07\/foto-axpo-kopie.jpg?itok=GkSIYU6f 1x\u0022 media=\u0022(min-width: 64.0625em)\u0022 type=\u0022image\/jpeg\u0022 width=\u0022203\u0022 height=\u0022114\u0022\/\u003E\n                          \u003Cimg loading=\u0022eager\u0022 data-caption-hide width=\u0022708\u0022 height=\u0022398\u0022 alt=\u0022The new plant in Graub\u00fcnden canton\u0022 data-zoomed=\u0022https:\/\/www.h2-international.com\/sites\/default\/files\/styles\/content__zoomed\/public\/2024-07\/foto-axpo-kopie.jpg?itok=k-BLseXa\u0022 src=\u0022\/sites\/default\/files\/styles\/teaser_standard__s\/public\/2024-07\/foto-axpo-kopie.jpg?itok=akVpWbV1\u0022 title=\u0022\u00a9 Axpo\u0022 \/\u003E\n\n    \u003C\/picture\u003E\n      \u003Cfigcaption class=\u0022image--figcaption\u0022\u003E\n          \u003Cdiv class=\u0022copyright\u0022\u003EAxpo\u003C\/div\u003E\n          \u003C\/figcaption\u003E\n\u003C\/figure\u003E\n\n\n    \u003C\/div\u003E\n    \u003Cdiv class=\u0022teaser-content\u0022\u003E\n                    \u003Cdiv class=\u0022teaser-content--kicker\u0022\u003E\n                    \n        \u003C\/div\u003E\n                                              \n                        \n        \u003Ch4 class=\u0022teaser-content--headline\u0022\u003E\n                                Switzerland\u2019s largest H2 \n                              \u003Cspan class=\u0022headline-last-word-arrow\u0022\u003Eplant                      \u003C\/span\u003E\n        \u003C\/h4\u003E\n            \u003Cdiv class=\u0022teaser-content--publishing-date\u0022\u003E\u003Ctime datetime=\u00222024-07-15T10:29:02Z\u0022\u003E07\/15\/2024\u003C\/time\u003E\n\u003C\/div\u003E\u003Cspan class=\u0022teaser-content--publishing-date-divider\u0022\u003E - \u003C\/span\u003E\u003Cdiv class=\u0022teaser-content--body\u0022\u003E  \u003Cp\u003EEnergy group Axpo and the company Rhiienergie have launched the first H\u003Csub\u003E2\u003C\/sub\u003E production plant for green hydrogen in the canton of Graub\u00fcnden in eastern Switzerland. The plant, which has a capacity of 2.5 megawatts, will produce up to 350 metric tons of hydrogen a year and is situated directly adjacent...\u003C\/p\u003E\n\n\n\u003C\/div\u003E\n                        \u003Cspan class=\u0022read-more-arrow-container\u0022\u003E\n            \u003Cspan class=\u0022read-more-angled-arrow\u0022\u003E \u003C\/span\u003E\n          \u003C\/span\u003E\n                  \u003C\/div\u003E\n    \u003C\/a\u003E\n\u003Ca href=\u0022\/general\/max-demls-stock-analysis-why-hydrogen-stocks-can-fall-even-further\u0022  class=\u0022teaser teaser--standard\u0022 aria-label=\u0022Why hydrogen stocks can fall even further\u0022\u003E\n      \u003Cdiv class=\u0022teaser-content--image\u0022\u003E\n              \u003Cpicture\u003E\n                        \u003Csource srcset=\u0022\/sites\/default\/files\/styles\/teaser_standard__m\/public\/2024-07\/steigende-kurse-ki.jpg.webp?itok=tc6eztac 1x\u0022 media=\u0022(min-width: 48.0625em) and (max-width: 64em)\u0022 type=\u0022image\/webp\u0022 width=\u0022323\u0022 height=\u0022171\u0022\/\u003E\n                  \u003Csource srcset=\u0022\/sites\/default\/files\/styles\/teaser_standard__l\/public\/2024-07\/steigende-kurse-ki.jpg.webp?itok=qKppDnlc 1x\u0022 media=\u0022(min-width: 64.0625em)\u0022 type=\u0022image\/webp\u0022 width=\u0022203\u0022 height=\u0022108\u0022\/\u003E\n                  \u003Csource srcset=\u0022\/sites\/default\/files\/styles\/teaser_standard__m\/public\/2024-07\/steigende-kurse-ki.jpg?itok=OL_Tr9aL 1x\u0022 media=\u0022(min-width: 48.0625em) and (max-width: 64em)\u0022 type=\u0022image\/jpeg\u0022 width=\u0022323\u0022 height=\u0022171\u0022\/\u003E\n                  \u003Csource srcset=\u0022\/sites\/default\/files\/styles\/teaser_standard__l\/public\/2024-07\/steigende-kurse-ki.jpg?itok=1AYRIJE1 1x\u0022 media=\u0022(min-width: 64.0625em)\u0022 type=\u0022image\/jpeg\u0022 width=\u0022203\u0022 height=\u0022108\u0022\/\u003E\n                          \u003Cimg loading=\u0022eager\u0022 data-caption-hide width=\u0022708\u0022 height=\u0022375\u0022 alt=\u0022Steigende-Kurse-KI\u0022 data-zoomed=\u0022https:\/\/www.h2-international.com\/sites\/default\/files\/styles\/content__zoomed\/public\/2024-07\/steigende-kurse-ki.jpg?itok=vhAwIJB0\u0022 src=\u0022\/sites\/default\/files\/styles\/teaser_standard__s\/public\/2024-07\/steigende-kurse-ki.jpg?itok=dj9Ab_ck\u0022 \/\u003E\n\n    \u003C\/picture\u003E\n    \n\n    \u003C\/div\u003E\n    \u003Cdiv class=\u0022teaser-content\u0022\u003E\n                    \u003Cdiv class=\u0022teaser-content--kicker\u0022\u003E\n                    Max Deml\u2019s stock analysis\n        \u003C\/div\u003E\n                                              \n                        \n        \u003Ch4 class=\u0022teaser-content--headline\u0022\u003E\n                                Why hydrogen stocks can fall even \n                              \u003Cspan class=\u0022headline-last-word-arrow\u0022\u003Efurther                      \u003C\/span\u003E\n        \u003C\/h4\u003E\n            \u003Cdiv class=\u0022teaser-content--publishing-date\u0022\u003E\u003Ctime datetime=\u00222024-07-15T10:18:19Z\u0022\u003E07\/15\/2024\u003C\/time\u003E\n\u003C\/div\u003E\u003Cspan class=\u0022teaser-content--publishing-date-divider\u0022\u003E - \u003C\/span\u003E\u003Cdiv class=\u0022teaser-content--body\u0022\u003E\u003Cp\u003EIn the past, hydrogen was usually isolated from fossil fuels such as natural gas using steam reforming and stored. Ecologically more sensible is hydrogen generation through the electrolysis of water using green electricity, for example for later electricity generation in fuel cells \u2013 but this reduces the efficiency compared to other storage media and the economic efficiency suffers. Hydrogen \u2013 itself not a primary energy source \u2013 serves primarily as a secondary energy source, so as a storage medium, and can be an ideal buffer to absorb excess capacity in electricity generation (e.g. from wind and solar) and then provide it when needed.\u003C\/p\u003E\n\u003C\/div\u003E\n                        \u003Cspan class=\u0022read-more-arrow-container\u0022\u003E\n            \u003Cspan class=\u0022read-more-angled-arrow\u0022\u003E \u003C\/span\u003E\n          \u003C\/span\u003E\n                  \u003C\/div\u003E\n    \u003C\/a\u003E\n\u003Ca href=\u0022\/general\/mechatronic-h2-pressure-regulator\u0022  class=\u0022teaser teaser--standard\u0022 aria-label=\u0022Mechatronic H2 pressure regulator\u0022\u003E\n      \u003Cdiv class=\u0022teaser-content--image\u0022\u003E\n        \u003Cfigure class=\u0022image--figure\u0022\u003E\n        \u003Cpicture\u003E\n                        \u003Csource srcset=\u0022\/sites\/default\/files\/styles\/teaser_standard__m\/public\/2024-06\/76634_em-h-mechatronic-hydrogen-pressure-regulator-kopie.jpg.webp?itok=OzcRRh1S 1x\u0022 media=\u0022(min-width: 48.0625em) and (max-width: 64em)\u0022 type=\u0022image\/webp\u0022 width=\u0022323\u0022 height=\u0022219\u0022\/\u003E\n                  \u003Csource srcset=\u0022\/sites\/default\/files\/styles\/teaser_standard__l\/public\/2024-06\/76634_em-h-mechatronic-hydrogen-pressure-regulator-kopie.jpg.webp?itok=CVFiH5-8 1x\u0022 media=\u0022(min-width: 64.0625em)\u0022 type=\u0022image\/webp\u0022 width=\u0022203\u0022 height=\u0022137\u0022\/\u003E\n                  \u003Csource srcset=\u0022\/sites\/default\/files\/styles\/teaser_standard__m\/public\/2024-06\/76634_em-h-mechatronic-hydrogen-pressure-regulator-kopie.jpg?itok=6MJJtntQ 1x\u0022 media=\u0022(min-width: 48.0625em) and (max-width: 64em)\u0022 type=\u0022image\/jpeg\u0022 width=\u0022323\u0022 height=\u0022219\u0022\/\u003E\n                  \u003Csource srcset=\u0022\/sites\/default\/files\/styles\/teaser_standard__l\/public\/2024-06\/76634_em-h-mechatronic-hydrogen-pressure-regulator-kopie.jpg?itok=Z6ckh90A 1x\u0022 media=\u0022(min-width: 64.0625em)\u0022 type=\u0022image\/jpeg\u0022 width=\u0022203\u0022 height=\u0022137\u0022\/\u003E\n                          \u003Cimg loading=\u0022eager\u0022 data-caption-hide width=\u0022588\u0022 height=\u0022398\u0022 alt=\u0022EM-H Mechatronic Hydrogen Pressure Regulator\u0022 data-zoomed=\u0022https:\/\/www.h2-international.com\/sites\/default\/files\/styles\/content__zoomed\/public\/2024-06\/76634_em-h-mechatronic-hydrogen-pressure-regulator-kopie.jpg?itok=wNgJcvq-\u0022 src=\u0022\/sites\/default\/files\/styles\/teaser_standard__s\/public\/2024-06\/76634_em-h-mechatronic-hydrogen-pressure-regulator-kopie.jpg?itok=1F_6NGKw\u0022 title=\u0022\u00a9 Landi Renzo\u0022 \/\u003E\n\n    \u003C\/picture\u003E\n      \u003Cfigcaption class=\u0022image--figcaption\u0022\u003E\n          \u003Cdiv class=\u0022copyright\u0022\u003ELandi Renzo\u003C\/div\u003E\n          \u003C\/figcaption\u003E\n\u003C\/figure\u003E\n\n\n    \u003C\/div\u003E\n    \u003Cdiv class=\u0022teaser-content\u0022\u003E\n                    \u003Cdiv class=\u0022teaser-content--kicker\u0022\u003E\n                    \n        \u003C\/div\u003E\n                                              \n                        \n        \u003Ch4 class=\u0022teaser-content--headline\u0022\u003E\n                                Mechatronic H2 pressure \n                              \u003Cspan class=\u0022headline-last-word-arrow\u0022\u003Eregulator                      \u003C\/span\u003E\n        \u003C\/h4\u003E\n            \u003Cdiv class=\u0022teaser-content--publishing-date\u0022\u003E\u003Ctime datetime=\u00222024-06-12T08:40:10Z\u0022\u003E06\/12\/2024\u003C\/time\u003E\n\u003C\/div\u003E\u003Cspan class=\u0022teaser-content--publishing-date-divider\u0022\u003E - \u003C\/span\u003E\u003Cdiv class=\u0022teaser-content--body\u0022\u003E  \u003Cp\u003EUp until now, Italian company Landi Renzo has been mainly known for its conversion sets for gas engines. Now the automotive supplier, which employs more than 1,200 staff globally, is venturing into the hydrogen sector and developing an advanced electronic pressure regulator for medium- and heavy...\u003C\/p\u003E\n\n\n\u003C\/div\u003E\n                        \u003Cspan class=\u0022read-more-arrow-container\u0022\u003E\n            \u003Cspan class=\u0022read-more-angled-arrow\u0022\u003E \u003C\/span\u003E\n          \u003C\/span\u003E\n                  \u003C\/div\u003E\n    \u003C\/a\u003E\n","entity_type":"node","used_ids":["",239803,239802,239791,239789,239784,239782,239781,239774,239759,239755,239746,239742,239740,239738,239730,239729,239722,239721,239716],"show_more":"\u003Cdiv class=\u0022del-show-more\u0022\u003E\u003Ca href=\u0022\/ajax\/del\/621f9a3b-499e-4e05-8e0e-890792c53377\/paragraph\/20\/19\/asc\/eyJub2RlIjp7ImlkIjoiMjM5MTQ0IiwidHlwZSI6InBhZ2UifX0%3D\u0022 title=\u0022Show more items\u0022 class=\u0022del-show-more-link use-ajax\u0022 rel=\u0022nofollow\u0022 data-target-type=\u0022node\u0022 aria-controls=\u0022del--paragraph-807978--content\u0022 aria-label=\u0022Show more items\u0022\u003EShow more\u003C\/a\u003E\u003C\/div\u003E\n"}]